{"id":818,"date":"2022-02-14T21:42:09","date_gmt":"2022-02-14T21:42:09","guid":{"rendered":"https:\/\/ascep.ffzg.unizg.hr\/?p=818"},"modified":"2022-06-21T12:22:36","modified_gmt":"2022-06-21T12:22:36","slug":"818","status":"publish","type":"post","link":"https:\/\/ascep.ffzg.unizg.hr\/index.php\/2022\/02\/14\/818\/","title":{"rendered":""},"content":{"rendered":"<p style=\"text-align: center;\">Odr\u017eano je predstavljanje projekta <strong><span style=\"color: #008080;\"><em>Umjetnost i dr\u017eava u Hrvatskoj od prosvjetiteljstva do danas\/Art and the State in Croatia from the Enlightenment to the Present<\/em><\/span>, Filozofski fakultet, Zagreb, 10. velja\u010de 2022.\u00a0<\/strong><\/p>\n<p><img loading=\"lazy\" class=\"wp-image-816  aligncenter\" src=\"https:\/\/ascep.ffzg.unizg.hr\/wp-content\/uploads\/2022\/02\/predstavljanje_10_II_2022-scaled.jpg\" alt=\"\" width=\"210\" height=\"165\" srcset=\"https:\/\/ascep.ffzg.unizg.hr\/wp-content\/uploads\/2022\/02\/predstavljanje_10_II_2022-scaled.jpg 2560w, https:\/\/ascep.ffzg.unizg.hr\/wp-content\/uploads\/2022\/02\/predstavljanje_10_II_2022-300x236.jpg 300w, https:\/\/ascep.ffzg.unizg.hr\/wp-content\/uploads\/2022\/02\/predstavljanje_10_II_2022-1024x805.jpg 1024w, https:\/\/ascep.ffzg.unizg.hr\/wp-content\/uploads\/2022\/02\/predstavljanje_10_II_2022-768x604.jpg 768w, https:\/\/ascep.ffzg.unizg.hr\/wp-content\/uploads\/2022\/02\/predstavljanje_10_II_2022-1536x1207.jpg 1536w, https:\/\/ascep.ffzg.unizg.hr\/wp-content\/uploads\/2022\/02\/predstavljanje_10_II_2022-2048x1610.jpg 2048w\" sizes=\"(max-width: 210px) 100vw, 210px\" \/><\/p>\n<p style=\"text-align: center;\">Predstavljanje rezultata drugog izvje\u0161tajnog razdoblja i planova aktivnosti za tre\u0107e izvje\u0161tajno razdoblje unutar projekta <strong><em>Umjetnost i\u00a0dr\u017eava u Hrvatskoj od prosvjetiteljstva do danas\/Art and the State in Croatia from the Enlightenment to the Present\u00a0<\/em><\/strong>odr\u017eano je 10. velja\u010de 2022. u 11.30 sati u dvorani D6 Filozofskog fakulteta Sveu\u010dili\u0161ta u Zagrebu. Projekt je predstavio voditelj prof. dr. sc. Dragan Damjanovi\u0107.\u00a0<\/p>\n\n\n<p><\/p>\n","protected":false},"excerpt":{"rendered":"<p>Odr\u017eano je predstavljanje projekta Umjetnost i dr\u017eava u Hrvatskoj od prosvjetiteljstva do danas\/Art and the State in Croatia from the Enlightenment to the Present, Filozofski fakultet, Zagreb, 10. velja\u010de 2022.\u00a0 Predstavljanje rezultata drugog izvje\u0161tajnog razdoblja i planova aktivnosti za tre\u0107e izvje\u0161tajno razdoblje unutar projekta Umjetnost i\u00a0dr\u017eava u Hrvatskoj od prosvjetiteljstva do danas\/Art and the State &hellip; <\/p>\n<p class=\"link-more\"><a href=\"https:\/\/ascep.ffzg.unizg.hr\/index.php\/2022\/02\/14\/818\/\" class=\"more-link\">Continue reading<span class=\"screen-reader-text\"> &#8220;&#8221;<\/span><\/a><\/p>\n","protected":false},"author":2,"featured_media":0,"comment_status":"closed","ping_status":"open","sticky":false,"template":"","format":"standard","meta":[],"categories":[1],"tags":[],"_links":{"self":[{"href":"https:\/\/ascep.ffzg.unizg.hr\/index.php\/wp-json\/wp\/v2\/posts\/818"}],"collection":[{"href":"https:\/\/ascep.ffzg.unizg.hr\/index.php\/wp-json\/wp\/v2\/posts"}],"about":[{"href":"https:\/\/ascep.ffzg.unizg.hr\/index.php\/wp-json\/wp\/v2\/types\/post"}],"author":[{"embeddable":true,"href":"https:\/\/ascep.ffzg.unizg.hr\/index.php\/wp-json\/wp\/v2\/users\/2"}],"replies":[{"embeddable":true,"href":"https:\/\/ascep.ffzg.unizg.hr\/index.php\/wp-json\/wp\/v2\/comments?post=818"}],"version-history":[{"count":3,"href":"https:\/\/ascep.ffzg.unizg.hr\/index.php\/wp-json\/wp\/v2\/posts\/818\/revisions"}],"predecessor-version":[{"id":821,"href":"https:\/\/ascep.ffzg.unizg.hr\/index.php\/wp-json\/wp\/v2\/posts\/818\/revisions\/821"}],"wp:attachment":[{"href":"https:\/\/ascep.ffzg.unizg.hr\/index.php\/wp-json\/wp\/v2\/media?parent=818"}],"wp:term":[{"taxonomy":"category","embeddable":true,"href":"https:\/\/ascep.ffzg.unizg.hr\/index.php\/wp-json\/wp\/v2\/categories?post=818"},{"taxonomy":"post_tag","embeddable":true,"href":"https:\/\/ascep.ffzg.unizg.hr\/index.php\/wp-json\/wp\/v2\/tags?post=818"}],"curies":[{"name":"wp","href":"https:\/\/api.w.org\/{rel}","templated":true}]}}